{"id":2130,"date":"2019-09-10T12:57:42","date_gmt":"2019-09-10T10:57:42","guid":{"rendered":"http:\/\/192.168.2.100:8888\/de-schakel\/digitalisering-van-publieke-diensten\/"},"modified":"2020-06-02T11:26:12","modified_gmt":"2020-06-02T09:26:12","slug":"numerisation-des-services-publics","status":"publish","type":"post","link":"https:\/\/schakel.org\/fr\/numerisation-des-services-publics\/","title":{"rendered":"Num\u00e9risation des services publics"},"content":{"rendered":"<p><div class=\"fusion-fullwidth fullwidth-box fusion-builder-row-1 nonhundred-percent-fullwidth non-hundred-percent-height-scrolling\" style=\"background-color: rgba(255,255,255,0);background-position: center center;background-repeat: no-repeat;padding-top:0px;padding-right:0px;padding-bottom:0px;padding-left:0px;margin-bottom: 0px;margin-top: 0px;border-width: 0px 0px 0px 0px;border-color:#eae9e9;border-style:solid;\" ><div class=\"fusion-builder-row fusion-row\"><div class=\"fusion-layout-column fusion_builder_column fusion-builder-column-0 fusion_builder_column_1_1 1_1 fusion-one-full fusion-column-first fusion-column-last\" style=\"margin-top:0px;margin-bottom:4%;\"><div class=\"fusion-column-wrapper fusion-flex-column-wrapper-legacy\" style=\"background-position:left top;background-repeat:no-repeat;-webkit-background-size:cover;-moz-background-size:cover;-o-background-size:cover;background-size:cover;padding: 0px 0px 0px 0px;\"><style type=\"text\/css\"><\/style><div class=\"fusion-title title fusion-title-1 fusion-sep-none fusion-title-text fusion-title-size-one\" style=\"margin-top:0px;margin-bottom:0px;\"><h1 class=\"title-heading-left\" style=\"margin:0;\">Num\u00e9risation des services publics<\/h1><\/div><div class=\"fusion-clearfix\"><\/div><\/div><\/div><\/div><\/div><div class=\"fusion-fullwidth fullwidth-box fusion-builder-row-2 nonhundred-percent-fullwidth non-hundred-percent-height-scrolling\" style=\"background-color: rgba(255,255,255,0);background-position: center center;background-repeat: no-repeat;padding-top:0px;padding-right:0px;padding-bottom:0px;padding-left:0px;margin-bottom: 0px;margin-top: 0px;border-width: 0px 0px 0px 0px;border-color:#eae9e9;border-style:solid;\" ><div class=\"fusion-builder-row fusion-row\"><div class=\"fusion-layout-column fusion_builder_column fusion-builder-column-1 fusion_builder_column_1_3 1_3 fusion-one-third fusion-column-first\" style=\"width:33.333333333333%;width:calc(33.333333333333% - ( ( 4% ) * 0.33333333333333 ) );margin-right: 4%;margin-top:0px;margin-bottom:4%;\"><div class=\"fusion-column-wrapper fusion-flex-column-wrapper-legacy\" style=\"background-position:left top;background-repeat:no-repeat;-webkit-background-size:cover;-moz-background-size:cover;-o-background-size:cover;background-size:cover;padding: 0px 0px 0px 0px;\"><span class=\" fusion-imageframe imageframe-none imageframe-1 hover-type-zoomin\"><img decoding=\"async\" width=\"800\" height=\"800\" title=\"la num\u00e9risation des services publics\" src=\"https:\/\/schakel.org\/wp-content\/uploads\/2019\/09\/digitalisering-van-publieke-diensten.jpg\" data-orig-src=\"https:\/\/schakel.org\/wp-content\/uploads\/2019\/09\/digitalisering-van-publieke-diensten.jpg\" class=\"lazyload img-responsive wp-image-2030\" srcset=\"data:image\/svg+xml,%3Csvg%20xmlns%3D%27http%3A%2F%2Fwww.w3.org%2F2000%2Fsvg%27%20width%3D%27800%27%20height%3D%27800%27%20viewBox%3D%270%200%20800%20800%27%3E%3Crect%20width%3D%27800%27%20height%3D%273800%27%20fill-opacity%3D%220%22%2F%3E%3C%2Fsvg%3E\" data-srcset=\"https:\/\/schakel.org\/wp-content\/uploads\/2019\/09\/digitalisering-van-publieke-diensten-200x200.jpg 200w, https:\/\/schakel.org\/wp-content\/uploads\/2019\/09\/digitalisering-van-publieke-diensten-400x400.jpg 400w, https:\/\/schakel.org\/wp-content\/uploads\/2019\/09\/digitalisering-van-publieke-diensten-600x600.jpg 600w, https:\/\/schakel.org\/wp-content\/uploads\/2019\/09\/digitalisering-van-publieke-diensten.jpg 800w\" data-sizes=\"auto\" data-orig-sizes=\"(max-width: 800px) 100vw, 600px\" \/><\/span><div class=\"fusion-clearfix\"><\/div><\/div><\/div><div class=\"fusion-layout-column fusion_builder_column fusion-builder-column-2 fusion_builder_column_2_3 2_3 fusion-two-third fusion-column-last\" style=\"width:66.666666666667%;width:calc(66.666666666667% - ( ( 4% ) * 0.66666666666667 ) );margin-top:0px;margin-bottom:4%;\"><div class=\"fusion-column-wrapper fusion-flex-column-wrapper-legacy\" style=\"background-position:left top;background-repeat:no-repeat;-webkit-background-size:cover;-moz-background-size:cover;-o-background-size:cover;background-size:cover;padding: 0px 0px 0px 0px;\"><div class=\"fusion-text fusion-text-1\" style=\"transform:translate3d(0,0,0);\"><p>Le Partenariat de Quartier \u2013 De Schakel a expos\u00e9 son projet digital lors du s\u00e9minaire organis\u00e9 fin mai par Lire et Ecrire. Le s\u00e9minaire a mis en question l&rsquo;effet de la digitalisation des services publics pour un public vuln\u00e9rable. La pr\u00e9sentation donne un bon aper\u00e7u de notre projet digital et refl\u00e8te notre vision, en tant qu&rsquo;association active dans la lutte contre la pauvret\u00e9, \u00e0 propos de la digitalisation.<\/p>\n<p>Les \u00e9volutions digitales am\u00e9liorent-elles la qualit\u00e9 de vie des plus vuln\u00e9rables et tiennent-elles compte du rythme de ce groupe ? Sur le terrain, nous constatons comment les \u00e9volutions digitales m\u00e8nent souvent \u00e0 un \u00e9tat de d\u00e9pendance. Les gens ne peuvent plus r\u00e9gler des questions simples sans aide ext\u00e9rieure. En outre, la demande d&rsquo;aide \u00e0 un co\u00fbt, et les dossiers &lsquo;papier&rsquo; sont souvent trait\u00e9s en dernier lieu. La participation au vivre ensemble (culture, enseignement, logement, revenus, \u2026) devient de jour en jour plus difficile. De surcro\u00eet, l&rsquo;importante arme dans la lutte contre la pauvret\u00e9 qu&rsquo;est le contact humain, disparait de plus en plus. Les travailleurs sociaux se trouvent cantonn\u00e9s dans un travail de guichetiers et n&rsquo;arrivent d\u00e8s lors plus \u00e0 effectuer leur propre travail. \u00c0 notre avis, les \u00e9volutions digitales peuvent am\u00e9liorer la qualit\u00e9 de vie des personnes vuln\u00e9rables. La d\u00e9claration de revenus simplifi\u00e9e en est un bon exemple, mais nous y voyons aussi des possibilit\u00e9s d\u2019octroi syst\u00e9matique de droits dans la lutte contre la sous-protection.<\/p>\n<\/div><div class=\"fusion-clearfix\"><\/div><\/div><\/div><div class=\"fusion-layout-column fusion_builder_column fusion-builder-column-3 fusion_builder_column_1_2 1_2 fusion-one-half fusion-column-first\" style=\"width:50%;width:calc(50% - ( ( 4% ) * 0.5 ) );margin-right: 4%;margin-top:0px;margin-bottom:4%;\"><div class=\"fusion-column-wrapper fusion-flex-column-wrapper-legacy\" style=\"background-position:left top;background-repeat:no-repeat;-webkit-background-size:cover;-moz-background-size:cover;-o-background-size:cover;background-size:cover;padding: 0px 0px 0px 0px;\"><div class=\"fusion-text fusion-text-2\" style=\"transform:translate3d(0,0,0);\"><p>Sur le site de Lire et Ecrire, vous trouverez le contenu du s\u00e9minaire ainsi que les enregistrements de nos contributions et d&rsquo;autres.<\/p>\n<\/div><div class=\"fusion-button-wrapper\"><style type=\"text\/css\">.fusion-button.button-1 {border-radius:2px;}<\/style><a class=\"fusion-button button-flat button-medium button-default button-1 fusion-button-default-span fusion-button-default-type\" target=\"_blank\" rel=\"noopener noreferrer\" href=\"http:\/\/www.lire-et-ecrire.be\/Numerisation-des-services-publics-Quelle-prise-en-compte-des-publics-peu?lang=fr\"><span class=\"fusion-button-text\">Lire et Ecrire<\/span><\/a><\/div><div class=\"fusion-clearfix\"><\/div><\/div><\/div><div class=\"fusion-layout-column fusion_builder_column fusion-builder-column-4 fusion_builder_column_1_2 1_2 fusion-one-half fusion-column-last\" style=\"width:50%;width:calc(50% - ( ( 4% ) * 0.5 ) );margin-top:0px;margin-bottom:4%;\"><div class=\"fusion-column-wrapper fusion-flex-column-wrapper-legacy\" style=\"background-position:left top;background-repeat:no-repeat;-webkit-background-size:cover;-moz-background-size:cover;-o-background-size:cover;background-size:cover;padding: 0px 0px 0px 0px;\"><div class=\"fusion-text fusion-text-3\" style=\"transform:translate3d(0,0,0);\"><p>La pr\u00e9sentation que nous avons faite lors du s\u00e9minaire peut \u00eatre consult\u00e9e ici.<\/p>\n<\/div><div class=\"fusion-button-wrapper\"><style type=\"text\/css\">.fusion-button.button-2 {border-radius:2px;}<\/style><a class=\"fusion-button button-flat button-medium button-default button-2 fusion-button-default-span fusion-button-default-type\" target=\"_blank\" rel=\"noopener noreferrer\" href=\"https:\/\/schakel.org\/wp-content\/uploads\/2019\/09\/se\u0301minairenumerisationdesservicespublics-LD.pdf\"><i class=\"fa-file-pdf fas button-icon-left\" aria-hidden=\"true\"><\/i><span class=\"fusion-button-text\">T\u00e9l\u00e9charger<\/span><\/a><\/div><div class=\"fusion-clearfix\"><\/div><\/div><\/div><\/div><\/div><\/p>\n","protected":false},"excerpt":{"rendered":"<p>Le Partenariat de Quartier \u2013 De Schakel a expos\u00e9 son projet digital lors du s\u00e9minaire organis\u00e9 fin mai par Lire et Ecrire. Le s\u00e9minaire a mis en question l&rsquo;effet de la digitalisation des services publics pour un public vuln\u00e9rable. La pr\u00e9sentation donne un bon aper\u00e7u de notre projet digital et refl\u00e8te notre vision, en tant qu&rsquo;association active dans la lutte contre la pauvret\u00e9, \u00e0 propos de la digitalisation.<\/p>\n","protected":false},"author":6,"featured_media":2030,"comment_status":"closed","ping_status":"closed","sticky":false,"template":"","format":"standard","meta":[],"categories":[78,77],"tags":[],"_links":{"self":[{"href":"https:\/\/schakel.org\/fr\/wp-json\/wp\/v2\/posts\/2130"}],"collection":[{"href":"https:\/\/schakel.org\/fr\/wp-json\/wp\/v2\/posts"}],"about":[{"href":"https:\/\/schakel.org\/fr\/wp-json\/wp\/v2\/types\/post"}],"author":[{"embeddable":true,"href":"https:\/\/schakel.org\/fr\/wp-json\/wp\/v2\/users\/6"}],"replies":[{"embeddable":true,"href":"https:\/\/schakel.org\/fr\/wp-json\/wp\/v2\/comments?post=2130"}],"version-history":[{"count":4,"href":"https:\/\/schakel.org\/fr\/wp-json\/wp\/v2\/posts\/2130\/revisions"}],"predecessor-version":[{"id":2274,"href":"https:\/\/schakel.org\/fr\/wp-json\/wp\/v2\/posts\/2130\/revisions\/2274"}],"wp:featuredmedia":[{"embeddable":true,"href":"https:\/\/schakel.org\/fr\/wp-json\/wp\/v2\/media\/2030"}],"wp:attachment":[{"href":"https:\/\/schakel.org\/fr\/wp-json\/wp\/v2\/media?parent=2130"}],"wp:term":[{"taxonomy":"category","embeddable":true,"href":"https:\/\/schakel.org\/fr\/wp-json\/wp\/v2\/categories?post=2130"},{"taxonomy":"post_tag","embeddable":true,"href":"https:\/\/schakel.org\/fr\/wp-json\/wp\/v2\/tags?post=2130"}],"curies":[{"name":"wp","href":"https:\/\/api.w.org\/{rel}","templated":true}]}}