{"id":2134,"date":"2019-09-10T10:27:53","date_gmt":"2019-09-10T08:27:53","guid":{"rendered":"http:\/\/192.168.2.100:8888\/de-schakel\/ondersteund-door-de-koning-boudewijnstichting\/"},"modified":"2020-06-02T10:55:33","modified_gmt":"2020-06-02T08:55:33","slug":"soutenu-par-la-fondation-roi-baudouin","status":"publish","type":"post","link":"https:\/\/schakel.org\/fr\/soutenu-par-la-fondation-roi-baudouin\/","title":{"rendered":"Soutenu par la Fondation Roi Baudouin !"},"content":{"rendered":"<p><div class=\"fusion-fullwidth fullwidth-box fusion-builder-row-1 nonhundred-percent-fullwidth non-hundred-percent-height-scrolling\" style=\"background-color: rgba(255,255,255,0);background-position: center center;background-repeat: no-repeat;padding-top:0px;padding-right:0px;padding-bottom:0px;padding-left:0px;margin-bottom: 0px;margin-top: 0px;border-width: 0px 0px 0px 0px;border-color:#eae9e9;border-style:solid;\" ><div class=\"fusion-builder-row fusion-row\"><div class=\"fusion-layout-column fusion_builder_column fusion-builder-column-0 fusion_builder_column_1_1 1_1 fusion-one-full fusion-column-first fusion-column-last\" style=\"margin-top:0px;margin-bottom:4%;\"><div class=\"fusion-column-wrapper fusion-flex-column-wrapper-legacy\" style=\"background-position:left top;background-repeat:no-repeat;-webkit-background-size:cover;-moz-background-size:cover;-o-background-size:cover;background-size:cover;padding: 0px 0px 0px 0px;\"><style type=\"text\/css\"><\/style><div class=\"fusion-title title fusion-title-1 fusion-sep-none fusion-title-text fusion-title-size-one\" style=\"margin-top:0px;margin-bottom:0px;\"><h1 class=\"title-heading-left\" style=\"margin:0;\">Soutenu par la Fondation Roi Baudouin !<\/h1><\/div><div class=\"fusion-clearfix\"><\/div><\/div><\/div><\/div><\/div><div class=\"fusion-fullwidth fullwidth-box fusion-builder-row-2 nonhundred-percent-fullwidth non-hundred-percent-height-scrolling\" style=\"background-color: rgba(255,255,255,0);background-position: center center;background-repeat: no-repeat;padding-top:0px;padding-right:0px;padding-bottom:0px;padding-left:0px;margin-bottom: 0px;margin-top: 0px;border-width: 0px 0px 0px 0px;border-color:#eae9e9;border-style:solid;\" ><div class=\"fusion-builder-row fusion-row\"><div class=\"fusion-layout-column fusion_builder_column fusion-builder-column-1 fusion_builder_column_1_3 1_3 fusion-one-third fusion-column-first\" style=\"width:33.333333333333%;width:calc(33.333333333333% - ( ( 4% ) * 0.33333333333333 ) );margin-right: 4%;margin-top:0px;margin-bottom:4%;\"><div class=\"fusion-column-wrapper fusion-flex-column-wrapper-legacy\" style=\"background-position:left top;background-repeat:no-repeat;-webkit-background-size:cover;-moz-background-size:cover;-o-background-size:cover;background-size:cover;padding: 0px 0px 0px 0px;\"><span class=\" fusion-imageframe imageframe-none imageframe-1 hover-type-zoomin\"><img decoding=\"async\" width=\"800\" height=\"800\" title=\"Soutien de la Fondation du Roi Baudouin\" src=\"https:\/\/schakel.org\/wp-content\/uploads\/2019\/09\/ondersteund-door-de-Koning-Boudewijnstichting.jpg\" data-orig-src=\"https:\/\/schakel.org\/wp-content\/uploads\/2019\/09\/ondersteund-door-de-Koning-Boudewijnstichting.jpg\" class=\"lazyload img-responsive wp-image-2033\" srcset=\"data:image\/svg+xml,%3Csvg%20xmlns%3D%27http%3A%2F%2Fwww.w3.org%2F2000%2Fsvg%27%20width%3D%27800%27%20height%3D%27800%27%20viewBox%3D%270%200%20800%20800%27%3E%3Crect%20width%3D%27800%27%20height%3D%273800%27%20fill-opacity%3D%220%22%2F%3E%3C%2Fsvg%3E\" data-srcset=\"https:\/\/schakel.org\/wp-content\/uploads\/2019\/09\/ondersteund-door-de-Koning-Boudewijnstichting-200x200.jpg 200w, https:\/\/schakel.org\/wp-content\/uploads\/2019\/09\/ondersteund-door-de-Koning-Boudewijnstichting-400x400.jpg 400w, https:\/\/schakel.org\/wp-content\/uploads\/2019\/09\/ondersteund-door-de-Koning-Boudewijnstichting-600x600.jpg 600w, https:\/\/schakel.org\/wp-content\/uploads\/2019\/09\/ondersteund-door-de-Koning-Boudewijnstichting.jpg 800w\" data-sizes=\"auto\" data-orig-sizes=\"(max-width: 800px) 100vw, 600px\" \/><\/span><div class=\"fusion-clearfix\"><\/div><\/div><\/div><div class=\"fusion-layout-column fusion_builder_column fusion-builder-column-2 fusion_builder_column_2_3 2_3 fusion-two-third fusion-column-last\" style=\"width:66.666666666667%;width:calc(66.666666666667% - ( ( 4% ) * 0.66666666666667 ) );margin-top:0px;margin-bottom:4%;\"><div class=\"fusion-column-wrapper fusion-flex-column-wrapper-legacy\" style=\"background-position:left top;background-repeat:no-repeat;-webkit-background-size:cover;-moz-background-size:cover;-o-background-size:cover;background-size:cover;padding: 0px 0px 0px 0px;\"><div class=\"fusion-text fusion-text-1\" style=\"transform:translate3d(0,0,0);\"><p>Pour l&rsquo;appel \u00e0 projets pauvret\u00e9 de la Fondation Roi Baudouin, nous avons introduit une demande de prolongation de notre projet \u2013 Durabilit\u00e9 Digitale R\u00e9silience \u2013 pour l&rsquo;ann\u00e9e scolaire 2019-2020.<\/p>\n<p>Notre demande a re\u00e7u un accord favorable ! Le projet Durabilit\u00e9 Digitale R\u00e9silience investit dans l&rsquo;e-inclusion de personnes en \u00e9tat de pauvret\u00e9 en renfor\u00e7ant leurs capacit\u00e9s digitales de base et l&rsquo;acc\u00e8s mat\u00e9riel durable \u00e0 la soci\u00e9t\u00e9 digitale.  Nous r\u00e9alisons cela dans le cadre de l&rsquo;axe du projet \u2018r\u00e9silient digital&rsquo; en organisant des cours facilement accessibles, des caf\u00e9s-internet et l&rsquo;entretien d&rsquo;un r\u00e9seau de soutien pour l&rsquo;inclusion num\u00e9rique dans le quartier Brabant et aux environs. Dans le cadre de l&rsquo;axe &lsquo;Durable et Digital&rsquo; ce projet se r\u00e9alise concr\u00e8tement par un service de premiers soins en informatique et par un docteur en informatique.<\/p>\n<\/div><div class=\"fusion-clearfix\"><\/div><\/div><\/div><div class=\"fusion-layout-column fusion_builder_column fusion-builder-column-3 fusion_builder_column_1_2 1_2 fusion-one-half fusion-column-first\" style=\"width:50%;width:calc(50% - ( ( 4% ) * 0.5 ) );margin-right: 4%;margin-top:0px;margin-bottom:4%;\"><div class=\"fusion-column-wrapper fusion-flex-column-wrapper-legacy\" style=\"background-position:left top;background-repeat:no-repeat;-webkit-background-size:cover;-moz-background-size:cover;-o-background-size:cover;background-size:cover;padding: 0px 0px 0px 0px;\"><div class=\"fusion-text fusion-text-2\" style=\"transform:translate3d(0,0,0);\"><p>Pour plus de renseignements au sujet du soutien accord\u00e9 par la Fondation Roi Baudouin aux projets de lutte contre la pauvret\u00e9, reportez-vous au site:<\/p>\n<\/div><div class=\"fusion-button-wrapper\"><style type=\"text\/css\">.fusion-button.button-1 {border-radius:2px;}<\/style><a class=\"fusion-button button-flat button-medium button-default button-1 fusion-button-default-span fusion-button-default-type\" target=\"_blank\" rel=\"noopener noreferrer\" href=\"https:\/\/www.kbs-frb.be\/fr\/Activities\/Themes\/Poverty\"><span class=\"fusion-button-text\">kbs-frb.be<\/span><\/a><\/div><div class=\"fusion-clearfix\"><\/div><\/div><\/div><div class=\"fusion-layout-column fusion_builder_column fusion-builder-column-4 fusion_builder_column_1_2 1_2 fusion-one-half fusion-column-last\" style=\"width:50%;width:calc(50% - ( ( 4% ) * 0.5 ) );margin-top:0px;margin-bottom:4%;\"><div class=\"fusion-column-wrapper fusion-flex-column-wrapper-legacy\" style=\"background-position:left top;background-repeat:no-repeat;-webkit-background-size:cover;-moz-background-size:cover;-o-background-size:cover;background-size:cover;padding: 0px 0px 0px 0px;\"><div class=\"fusion-text fusion-text-3\" style=\"transform:translate3d(0,0,0);\"><p>Pour un aper\u00e7u de notre projet num\u00e9rique, voir aussi<\/p>\n<\/div><div class=\"fusion-button-wrapper\"><style type=\"text\/css\">.fusion-button.button-2 {border-radius:2px;}<\/style><a class=\"fusion-button button-flat button-medium button-default button-2 fusion-button-default-span fusion-button-default-type\" target=\"_self\" href=\"https:\/\/schakel.org\/fr\/digitalisering-van-publieke-diensten\/\"><span class=\"fusion-button-text\">pr\u00e9sentation num\u00e9risation des services publiques<\/span><\/a><\/div><div class=\"fusion-clearfix\"><\/div><\/div><\/div><\/div><\/div><\/p>\n","protected":false},"excerpt":{"rendered":"<p>De bonnes nouvelles au sujet de notre activit\u00e9 concernant l&rsquo;inclusion digitale : l&rsquo;espace public num\u00e9rique, le service de r\u00e9paration d\u2019ordinateurs et l&rsquo;indicateur d\u2019e-inclusion seront subsidi\u00e9s jusqu&rsquo;\u00e0 l&rsquo;\u00e9t\u00e9 prochain par la Fondation Roi Baudouin.<\/p>\n","protected":false},"author":6,"featured_media":2033,"comment_status":"closed","ping_status":"closed","sticky":false,"template":"","format":"standard","meta":[],"categories":[76],"tags":[],"_links":{"self":[{"href":"https:\/\/schakel.org\/fr\/wp-json\/wp\/v2\/posts\/2134"}],"collection":[{"href":"https:\/\/schakel.org\/fr\/wp-json\/wp\/v2\/posts"}],"about":[{"href":"https:\/\/schakel.org\/fr\/wp-json\/wp\/v2\/types\/post"}],"author":[{"embeddable":true,"href":"https:\/\/schakel.org\/fr\/wp-json\/wp\/v2\/users\/6"}],"replies":[{"embeddable":true,"href":"https:\/\/schakel.org\/fr\/wp-json\/wp\/v2\/comments?post=2134"}],"version-history":[{"count":3,"href":"https:\/\/schakel.org\/fr\/wp-json\/wp\/v2\/posts\/2134\/revisions"}],"predecessor-version":[{"id":2267,"href":"https:\/\/schakel.org\/fr\/wp-json\/wp\/v2\/posts\/2134\/revisions\/2267"}],"wp:featuredmedia":[{"embeddable":true,"href":"https:\/\/schakel.org\/fr\/wp-json\/wp\/v2\/media\/2033"}],"wp:attachment":[{"href":"https:\/\/schakel.org\/fr\/wp-json\/wp\/v2\/media?parent=2134"}],"wp:term":[{"taxonomy":"category","embeddable":true,"href":"https:\/\/schakel.org\/fr\/wp-json\/wp\/v2\/categories?post=2134"},{"taxonomy":"post_tag","embeddable":true,"href":"https:\/\/schakel.org\/fr\/wp-json\/wp\/v2\/tags?post=2134"}],"curies":[{"name":"wp","href":"https:\/\/api.w.org\/{rel}","templated":true}]}}