{"id":2138,"date":"2019-09-09T14:28:20","date_gmt":"2019-09-09T12:28:20","guid":{"rendered":"http:\/\/192.168.2.100:8888\/de-schakel\/infosessie-initiatie-nederlands\/"},"modified":"2020-05-26T08:47:17","modified_gmt":"2020-05-26T06:47:17","slug":"seance-dinformation-initiation-au-neerlandais","status":"publish","type":"post","link":"https:\/\/schakel.org\/fr\/seance-dinformation-initiation-au-neerlandais\/","title":{"rendered":"S\u00e9ance d&rsquo;Information Initiation au N\u00e9erlandais"},"content":{"rendered":"<p><div class=\"fusion-fullwidth fullwidth-box fusion-builder-row-1 nonhundred-percent-fullwidth non-hundred-percent-height-scrolling\" style=\"background-color: rgba(255,255,255,0);background-position: center center;background-repeat: no-repeat;padding-top:0px;padding-right:0px;padding-bottom:0px;padding-left:0px;margin-bottom: 0px;margin-top: 0px;border-width: 0px 0px 0px 0px;border-color:#eae9e9;border-style:solid;\" ><div class=\"fusion-builder-row fusion-row\"><div class=\"fusion-layout-column fusion_builder_column fusion-builder-column-0 fusion_builder_column_1_1 1_1 fusion-one-full fusion-column-first fusion-column-last\" style=\"margin-top:0px;margin-bottom:4%;\"><div class=\"fusion-column-wrapper fusion-flex-column-wrapper-legacy\" style=\"background-position:left top;background-repeat:no-repeat;-webkit-background-size:cover;-moz-background-size:cover;-o-background-size:cover;background-size:cover;padding: 0px 0px 0px 0px;\"><style type=\"text\/css\"><\/style><div class=\"fusion-title title fusion-title-1 fusion-sep-none fusion-title-text fusion-title-size-one\" style=\"margin-top:0px;margin-bottom:0px;\"><h1 class=\"title-heading-left\" style=\"margin:0;\">S\u00e9ance d&rsquo;Information Initiation au N\u00e9erlandais<\/h1><\/div><div class=\"fusion-clearfix\"><\/div><\/div><\/div><\/div><\/div><div class=\"fusion-fullwidth fullwidth-box fusion-builder-row-2 nonhundred-percent-fullwidth non-hundred-percent-height-scrolling\" style=\"background-color: rgba(255,255,255,0);background-position: center center;background-repeat: no-repeat;padding-top:0px;padding-right:0px;padding-bottom:0px;padding-left:0px;margin-bottom: 0px;margin-top: 0px;border-width: 0px 0px 0px 0px;border-color:#eae9e9;border-style:solid;\" ><div class=\"fusion-builder-row fusion-row\"><div class=\"fusion-layout-column fusion_builder_column fusion-builder-column-1 fusion_builder_column_1_3 1_3 fusion-one-third fusion-column-first\" style=\"width:33.333333333333%;width:calc(33.333333333333% - ( ( 4% ) * 0.33333333333333 ) );margin-right: 4%;margin-top:0px;margin-bottom:4%;\"><div class=\"fusion-column-wrapper fusion-flex-column-wrapper-legacy\" style=\"background-position:left top;background-repeat:no-repeat;-webkit-background-size:cover;-moz-background-size:cover;-o-background-size:cover;background-size:cover;padding: 0px 0px 0px 0px;\"><span class=\" fusion-imageframe imageframe-none imageframe-1 hover-type-zoomin\"><img decoding=\"async\" width=\"800\" height=\"800\" title=\"Infosession-Initiation-n\u00e9erlandais\" src=\"https:\/\/schakel.org\/wp-content\/uploads\/2019\/09\/Infosessie-Initiatie-Nederlands.jpg\" data-orig-src=\"https:\/\/schakel.org\/wp-content\/uploads\/2019\/09\/Infosessie-Initiatie-Nederlands.jpg\" class=\"lazyload img-responsive wp-image-2035\" srcset=\"data:image\/svg+xml,%3Csvg%20xmlns%3D%27http%3A%2F%2Fwww.w3.org%2F2000%2Fsvg%27%20width%3D%27800%27%20height%3D%27800%27%20viewBox%3D%270%200%20800%20800%27%3E%3Crect%20width%3D%27800%27%20height%3D%273800%27%20fill-opacity%3D%220%22%2F%3E%3C%2Fsvg%3E\" data-srcset=\"https:\/\/schakel.org\/wp-content\/uploads\/2019\/09\/Infosessie-Initiatie-Nederlands-200x200.jpg 200w, https:\/\/schakel.org\/wp-content\/uploads\/2019\/09\/Infosessie-Initiatie-Nederlands-400x400.jpg 400w, https:\/\/schakel.org\/wp-content\/uploads\/2019\/09\/Infosessie-Initiatie-Nederlands-600x600.jpg 600w, https:\/\/schakel.org\/wp-content\/uploads\/2019\/09\/Infosessie-Initiatie-Nederlands.jpg 800w\" data-sizes=\"auto\" data-orig-sizes=\"(max-width: 800px) 100vw, 600px\" \/><\/span><div class=\"fusion-clearfix\"><\/div><\/div><\/div><div class=\"fusion-layout-column fusion_builder_column fusion-builder-column-2 fusion_builder_column_2_3 2_3 fusion-two-third fusion-column-last\" style=\"width:66.666666666667%;width:calc(66.666666666667% - ( ( 4% ) * 0.66666666666667 ) );margin-top:0px;margin-bottom:4%;\"><div class=\"fusion-column-wrapper fusion-flex-column-wrapper-legacy\" style=\"background-position:left top;background-repeat:no-repeat;-webkit-background-size:cover;-moz-background-size:cover;-o-background-size:cover;background-size:cover;padding: 0px 0px 0px 0px;\"><div class=\"fusion-text fusion-text-1\" style=\"transform:translate3d(0,0,0);\"><p>Vous voulez apprendre les bases du n\u00e9erlandais? Alors, notre initiation hebdomadaire au n\u00e9erlandais vous est destin\u00e9e. Il n&rsquo;est pas n\u00e9cessaire d&rsquo;amener du papier et de quoi \u00e9crire. En petit groupe, vous essayez de trouver un sujet qui vous int\u00e9resse. Bienvenue \u00e0 tous! Et, il n&rsquo;est pas n\u00e9cessaire de s&rsquo;inscrire. Le 10 septembre \u00e0 13h vous pourrez faire connaissance avec l&rsquo;enseignant de Brusselleer, qui vous\u00a0 fournira plus d&rsquo;info.\u00a0<\/p>\n<\/div><div class=\"fusion-text fusion-text-2\" style=\"transform:translate3d(0,0,0);\"><p>La collaboration avec Brusselleer permet au Partenariat de quartier\u00a0 \u2013 De Schakel d&rsquo;offrir des possibilit\u00e9s d&rsquo;apprentissage de qualit\u00e9 aux plus vuln\u00e9rables pour qui l&rsquo;offre d&rsquo;\u00e9ducation de base reste inaccessible du fait de l&rsquo;aspect social, de la distance et de leur situation administrative pr\u00e9caire.<\/p>\n<\/div><div class=\"fusion-clearfix\"><\/div><\/div><\/div><div class=\"fusion-layout-column fusion_builder_column fusion-builder-column-3 fusion_builder_column_1_2 1_2 fusion-one-half fusion-column-first\" style=\"width:50%;width:calc(50% - ( ( 4% ) * 0.5 ) );margin-right: 4%;margin-top:0px;margin-bottom:4%;\"><div class=\"fusion-column-wrapper fusion-flex-column-wrapper-legacy\" style=\"background-position:left top;background-repeat:no-repeat;-webkit-background-size:cover;-moz-background-size:cover;-o-background-size:cover;background-size:cover;padding: 0px 0px 0px 0px;\"><div class=\"fusion-text fusion-text-3\" style=\"transform:translate3d(0,0,0);\"><p>Pour plus d&rsquo;info au sujet de cette offre, consultez le site :<\/p>\n<\/div><div class=\"fusion-button-wrapper\"><style type=\"text\/css\">.fusion-button.button-1 {border-radius:2px;}<\/style><a class=\"fusion-button button-flat button-medium button-default button-1 fusion-button-default-span fusion-button-default-type\" target=\"_blank\" rel=\"noopener noreferrer\" href=\"https:\/\/partners.brusselleer.be\/opstap\"><span class=\"fusion-button-text\">brusselleer.be<\/span><\/a><\/div><div class=\"fusion-clearfix\"><\/div><\/div><\/div><div class=\"fusion-layout-column fusion_builder_column fusion-builder-column-4 fusion_builder_column_1_2 1_2 fusion-one-half fusion-column-last\" style=\"width:50%;width:calc(50% - ( ( 4% ) * 0.5 ) );margin-top:0px;margin-bottom:4%;\"><div class=\"fusion-column-wrapper fusion-flex-column-wrapper-legacy\" style=\"background-position:left top;background-repeat:no-repeat;-webkit-background-size:cover;-moz-background-size:cover;-o-background-size:cover;background-size:cover;padding: 0px 0px 0px 0px;\"><div class=\"fusion-text fusion-text-4\" style=\"transform:translate3d(0,0,0);\"><p>Pour plus d&rsquo;information au sujet des cours propos\u00e9s par Brusselleer voyez le site :<\/p>\n<\/div><div class=\"fusion-button-wrapper\"><style type=\"text\/css\">.fusion-button.button-2 {border-radius:2px;}<\/style><a class=\"fusion-button button-flat button-medium button-default button-2 fusion-button-default-span fusion-button-default-type\" target=\"_blank\" rel=\"noopener noreferrer\" href=\"https:\/\/www.basiseducatie.be\/brusselleer\/cursussen\"><span class=\"fusion-button-text\">informations sur les cours<\/span><\/a><\/div><div class=\"fusion-clearfix\"><\/div><\/div><\/div><\/div><\/div><\/p>\n","protected":false},"excerpt":{"rendered":"<p>S\u00e9ance d&rsquo;info , initiation au n\u00e9erlandais le mardi 13 septembre \u00e0 13 h. Vous voulez apprendre les bases du n\u00e9erlandais? Alors, notre initiation hebdomadaire au n\u00e9erlandais vous convient .  Il n&rsquo;est pas n\u00e9cessaire d&rsquo;amener du papier et de quoi \u00e9crire. En petit groupe, vous essayez de trouver un sujet qui vous int\u00e9resse. Bienvenue \u00e0 tous! Et, il n&rsquo;est pas n\u00e9cessaire de s&rsquo;inscrire. <\/p>\n","protected":false},"author":6,"featured_media":2035,"comment_status":"closed","ping_status":"closed","sticky":false,"template":"","format":"standard","meta":[],"categories":[76],"tags":[],"_links":{"self":[{"href":"https:\/\/schakel.org\/fr\/wp-json\/wp\/v2\/posts\/2138"}],"collection":[{"href":"https:\/\/schakel.org\/fr\/wp-json\/wp\/v2\/posts"}],"about":[{"href":"https:\/\/schakel.org\/fr\/wp-json\/wp\/v2\/types\/post"}],"author":[{"embeddable":true,"href":"https:\/\/schakel.org\/fr\/wp-json\/wp\/v2\/users\/6"}],"replies":[{"embeddable":true,"href":"https:\/\/schakel.org\/fr\/wp-json\/wp\/v2\/comments?post=2138"}],"version-history":[{"count":3,"href":"https:\/\/schakel.org\/fr\/wp-json\/wp\/v2\/posts\/2138\/revisions"}],"predecessor-version":[{"id":2260,"href":"https:\/\/schakel.org\/fr\/wp-json\/wp\/v2\/posts\/2138\/revisions\/2260"}],"wp:featuredmedia":[{"embeddable":true,"href":"https:\/\/schakel.org\/fr\/wp-json\/wp\/v2\/media\/2035"}],"wp:attachment":[{"href":"https:\/\/schakel.org\/fr\/wp-json\/wp\/v2\/media?parent=2138"}],"wp:term":[{"taxonomy":"category","embeddable":true,"href":"https:\/\/schakel.org\/fr\/wp-json\/wp\/v2\/categories?post=2138"},{"taxonomy":"post_tag","embeddable":true,"href":"https:\/\/schakel.org\/fr\/wp-json\/wp\/v2\/tags?post=2138"}],"curies":[{"name":"wp","href":"https:\/\/api.w.org\/{rel}","templated":true}]}}